{"id":28573,"date":"2025-08-11T09:49:33","date_gmt":"2025-08-11T09:49:33","guid":{"rendered":"https:\/\/parmarthmissionhospital.com\/?p=28573"},"modified":"2025-12-24T16:02:56","modified_gmt":"2025-12-24T16:02:56","slug":"ismerd-meg-a-callas-haz-buvoletet","status":"publish","type":"post","link":"https:\/\/parmarthmissionhospital.com\/index.php\/2025\/08\/11\/ismerd-meg-a-callas-haz-buvoletet\/","title":{"rendered":"Ismerd meg a Callas h\u00e1z b\u0171v\u00f6let\u00e9t!"},"content":{"rendered":"<h2>A Callas h\u00e1z bemutatkoz\u00e1sa: T\u00f6rt\u00e9neti h\u00e1tt\u00e9r \u00e9s jelent\u0151s\u00e9g<\/h2>\n<p>A Callas h\u00e1z, mely a magyar Art Deco diz\u00e1jn egyik kiemelked\u0151 p\u00e9ld\u00e1ja, a 20. sz\u00e1zad elej\u00e9n \u00e9p\u00fclt, \u00e9s az\u00f3ta is a helyi kult\u00fara fontos r\u00e9sze. A h\u00e1z st\u00edlus\u00e1nak egyedis\u00e9g\u00e9t a r\u00e9szletek gazdags\u00e1ga \u00e9s a bels\u0151 t\u00e9r harm\u00f3ni\u00e1ja adja, amely az akkori m\u0171v\u00e9szeti ir\u00e1nyzatok hat\u00e1s\u00e1t t\u00fckr\u00f6zi. Az \u00e9p\u00fclet egyik legszembet\u0171n\u0151bb jellemz\u0151je a leny\u0171g\u00f6z\u0151 homlokzat, ahol a geometrikus form\u00e1k \u00e9s a d\u00edszes elemek tal\u00e1lkoznak.<\/p>\n<p>Az atmoszf\u00e9ra, amely a Callas h\u00e1zban uralkodik, k\u00fcl\u00f6n\u00f6sen vonz\u00f3v\u00e1 teszi a l\u00e1togat\u00f3k sz\u00e1m\u00e1ra. A gal\u00e9ria falain t\u00f6bb korabeli k\u00e9p tal\u00e1lhat\u00f3, amelyek a h\u00e1z t\u00f6rt\u00e9net\u00e9t mes\u00e9lik el, \u00edgy a l\u00e1togat\u00f3k egy utaz\u00e1sra indulhatnak a m\u00faltba. Ez a hely nem csup\u00e1n \u00e9p\u00edt\u00e9szeti szempontb\u00f3l \u00e9rdekes, hanem \u00e9rzelmi kapcsolatot is teremt a l\u00e1togat\u00f3k \u00e9s a t\u00f6rt\u00e9nelem k\u00f6z\u00f6tt.<\/p>\n<p>Fontos kiemelni, hogy a Callas h\u00e1z nem csup\u00e1n egy \u00e9p\u00fclet, hanem egy \u00e9let\u00e9rz\u00e9s is. A diz\u00e1jn, a st\u00edlus \u00e9s a r\u00e9szletek egy\u00fctt alak\u00edtj\u00e1k a hely var\u00e1zs\u00e1t, \u00edgy a l\u00e1togat\u00f3k sz\u00e1m\u00e1ra egy olyan \u00e9lm\u00e9nyt ny\u00fajt, amely maradand\u00f3 hat\u00e1ssal b\u00edr. A h\u00e1z bemutatkoz\u00e1sa teh\u00e1t nem csup\u00e1n a fizikai t\u00e9rre vonatkozik, hanem a m\u0171v\u00e9szet \u00e9s a kult\u00fara \u00f6sszefon\u00f3d\u00e1s\u00e1ra is, amely a mai napig inspir\u00e1lja az embereket, \u00e9s amelynek r\u00e9sze az Art Deco <a href=\"https:\/\/callascafehu.com\/\">https:\/\/callascafehu.com\/<\/a> st\u00edlus k\u00fcl\u00f6nlegess\u00e9ge is.<\/p>\n<h2>Az Art Deco st\u00edlus var\u00e1zsa a Callas h\u00e1zban<\/h2>\n<p>Az Art Deco st\u00edlus a 20. sz\u00e1zad elej\u00e9nek egyik legmeghat\u00e1roz\u00f3bb diz\u00e1jnir\u00e1nyzata, amely a Callas h\u00e1zban k\u00fcl\u00f6n\u00f6sen szemet gy\u00f6ny\u00f6rk\u00f6dtet\u0151 form\u00e1ban jelenik meg. A bels\u0151 t\u00e9rben a gazdag anyaghaszn\u00e1lat \u00e9s a mer\u00e9sz sz\u00ednek harmonikus egys\u00e9get alkotnak, \u00edgy egyedi atmoszf\u00e9r\u00e1t teremtenek. A szob\u00e1k falait d\u00edsz\u00edt\u0151 k\u00e9pek \u00e9s a gondosan megv\u00e1lasztott b\u00fatorok mind hozz\u00e1j\u00e1rulnak ahhoz, hogy a l\u00e1togat\u00f3k egy id\u0151tlen eleganci\u00e1t tapasztaljanak meg.<\/p>\n<p>A Callas h\u00e1z Art Deco st\u00edlus\u00fa bemutatkoz\u00e1sa nemcsak a form\u00e1k \u00e9s sz\u00ednek j\u00e1t\u00e9k\u00e1ra \u00e9p\u00edt, hanem a r\u00e9szletek ir\u00e1nti figyelmet is megjelen\u00edti. A geometrikus mint\u00e1k \u00e9s a reflekt\u00edv fel\u00fcletek izgalmas interakci\u00f3t hoznak l\u00e9tre, amely feler\u0151s\u00edti a t\u00e9r \u00e9rz\u00e9kel\u00e9s\u00e9t. A gal\u00e9ria falain tal\u00e1lhat\u00f3 m\u0171alkot\u00e1sok, amelyek a korszak ikonikus elemeit id\u00e9zik, m\u00e9g ink\u00e1bb kiemelik a diz\u00e1jn egyedis\u00e9g\u00e9t.<\/p>\n<p>A l\u00e1togat\u00f3k sz\u00e1m\u00e1ra az Art Deco st\u00edlus nem csup\u00e1n egy eszt\u00e9tikai \u00e9lm\u00e9ny, hanem egy utaz\u00e1s is a m\u00faltba, ahol a letisztult form\u00e1k \u00e9s a luxus tal\u00e1lkoznak. A Callas h\u00e1zban tett l\u00e1togat\u00e1s sor\u00e1n lehet\u0151s\u00e9g ny\u00edlik arra, hogy felfedezz\u00fck a st\u00edlus rejtett kincseit, \u00e9s elmer\u00fclj\u00fcnk a t\u00f6rt\u00e9nelem e k\u00fcl\u00f6nleges szelet\u00e9be.<\/p>\n<h2>A bels\u0151 t\u00e9r diz\u00e1jnja: R\u00e9szletek \u00e9s egyedis\u00e9g<\/h2>\n<p>A bels\u0151 t\u00e9r diz\u00e1jnja nem csup\u00e1n eszt\u00e9tikai k\u00e9rd\u00e9s; a r\u00e9szletek \u00e9s a st\u00edlus \u00f6sszhangja teremti meg az otthonunk atmoszf\u00e9r\u00e1j\u00e1t. Az Art Deco p\u00e9ld\u00e1ul a geometriai form\u00e1k \u00e9s d\u00edszes mot\u00edvumok r\u00e9v\u00e9n egyedi karaktert adhat b\u00e1rmely helyis\u00e9gnek. Az ilyen st\u00edlus\u00fa elemek, mint a f\u00e9nyes fel\u00fcletek \u00e9s a mer\u00e9sz sz\u00ednek, nemcsak vizu\u00e1lisan vonz\u00f3ak, hanem egyfajta eleganci\u00e1t is sugallnak.<\/p>\n<p>Fontos, hogy a diz\u00e1jn sor\u00e1n figyelembe vegy\u00fck az egyedis\u00e9g megteremt\u00e9s\u00e9t is. Az egyedi b\u00fatorok, mint a k\u00e9zzel k\u00e9sz\u00edtett darabok, vagy a szem\u00e9lyre szabott dekor\u00e1ci\u00f3s elemek seg\u00edthetnek abban, hogy a bels\u0151 t\u00e9r val\u00f3ban a mi\u00e9nk legyen. A gal\u00e9ria st\u00edlus\u00fa falak, ahol k\u00e9pek \u00e9s m\u0171alkot\u00e1sok kapnak helyet, szint\u00e9n hozz\u00e1j\u00e1rulnak a szem\u00e9lyes bemutatkoz\u00e1shoz.<\/p>\n<p>A r\u00e9szletek, mint p\u00e9ld\u00e1ul a k\u00fcl\u00f6nleges tap\u00e9ta vagy a sz\u00ednes p\u00e1rn\u00e1k, szint\u00e9n fontos szerepet j\u00e1tszanak a bels\u0151 t\u00e9r \u00f6sszk\u00e9p\u00e9ben. Ezek az apr\u00f3, de jelent\u0151s elemek k\u00e9pesek \u00e1talak\u00edtani a helyis\u00e9get, \u00e9s a legapr\u00f3bb v\u00e1ltoztat\u00e1sok is dr\u00e1mai hat\u00e1st gyakorolhatnak. A diz\u00e1jn teh\u00e1t nem csup\u00e1n a nagy vonalakban val\u00f3 gondolkod\u00e1s; a r\u00e9szletek azok, amelyek igaz\u00e1n \u00e9letre keltik az otthonunkat.<\/p>\n<h2>Atmoszf\u00e9ra \u00e9s \u00e9lm\u00e9ny: Mi\u00e9rt \u00e9rdemes megl\u00e1togatni?<\/h2>\n<p>Az Art Deco st\u00edlus leny\u0171g\u00f6z\u0151 vil\u00e1ga nem csup\u00e1n a diz\u00e1jn, hanem az \u00e9lm\u00e9nyek soksz\u00edn\u0171s\u00e9g\u00e9vel is v\u00e1rja a l\u00e1togat\u00f3kat. A bels\u0151 t\u00e9r apr\u00f3l\u00e9kos r\u00e9szletei \u00e9s a gazdag sz\u00ednek harm\u00f3ni\u00e1ja egyedi atmoszf\u00e9r\u00e1t teremt, amely egyszerre inspir\u00e1l\u00f3 \u00e9s pihentet\u0151. K\u00e9pzeld el, ahogy a gy\u00f6ny\u00f6r\u0171 k\u00e9pek k\u00f6z\u00f6tt s\u00e9t\u00e1lsz, mik\u00f6zben a gal\u00e9ria k\u00fcl\u00f6nb\u00f6z\u0151 m\u0171v\u00e9szeti alkot\u00e1sai \u00faj perspekt\u00edv\u00e1kat ny\u00fajtanak.<\/p>\n<p>Minden l\u00e1togat\u00e1s egy bemutatkoz\u00e1s a st\u00edlusok \u00e9s technik\u00e1k vil\u00e1g\u00e1ba, ahol a klasszikus \u00e9s modern elemek tal\u00e1lkoznak. Az egyedis\u00e9g \u00e9s a r\u00e9szletek ir\u00e1nti figyelem olyan \u00e9lm\u00e9nyeket k\u00edn\u00e1l, amelyek felejthetetlen eml\u00e9keket hagynak maguk ut\u00e1n. Az Art Deco st\u00edlus nem csup\u00e1n egy ir\u00e1nyzat, hanem egy \u00e9let\u00e9rz\u00e9s, amely minden l\u00e1togat\u00f3ban nyomot hagy.<\/p>\n<p>\u00c9rdemes felfedezni azokat a k\u00fcl\u00f6nleges esem\u00e9nyeket is, amelyek a gal\u00e9ri\u00e1ban zajlanak. Ezen alkalmak sor\u00e1n a l\u00e1togat\u00f3k nemcsak a m\u0171v\u00e9szetet \u00e9lvezhetik, hanem a k\u00f6z\u00f6ss\u00e9gi \u00e9lm\u00e9nyt is, amely tov\u00e1bb gazdag\u00edtja a l\u00e1togat\u00e1sukat. A gal\u00e9ria atmoszf\u00e9r\u00e1ja mindenki sz\u00e1m\u00e1ra nyitott, \u00e9s lehet\u0151s\u00e9get ad a kreat\u00edv gondolkod\u00e1sra.<\/p>\n<h2>K\u00e9pek \u00e9s gal\u00e9ria: A Callas h\u00e1z felfedez\u00e9se vizu\u00e1lisan<\/h2>\n<p>A Callas h\u00e1z bels\u0151 ter\u00e9nek felfedez\u00e9se sor\u00e1n a l\u00e1togat\u00f3k szembes\u00fclnek a leny\u0171g\u00f6z\u0151 <strong>Art Deco<\/strong> st\u00edlus\u00fa diz\u00e1jnnal, amely az egyedis\u00e9g \u00e9s a r\u00e9szletek ir\u00e1nti elk\u00f6telezetts\u00e9get t\u00fckr\u00f6zi. A gal\u00e9ria k\u00e9pei egy \u00faj perspekt\u00edv\u00e1t k\u00edn\u00e1lnak, bemutatva a h\u00e1z k\u00fcl\u00f6nleges atmoszf\u00e9r\u00e1j\u00e1t \u00e9s a gondosan megtervezett bels\u0151 teret.<\/p>\n<p>Minden egyes k\u00e9p \u00e1rulkodik a h\u00e1z t\u00f6rt\u00e9nelm\u00e9r\u0151l \u00e9s a benne rejl\u0151 m\u0171v\u00e9szeti \u00e9rt\u00e9kekr\u0151l. A sz\u00ednek, form\u00e1k \u00e9s text\u00far\u00e1k harmonikus \u00f6sszhangja a l\u00e1togat\u00f3k sz\u00e1m\u00e1ra egy var\u00e1zslatos utaz\u00e1st k\u00edn\u00e1l a diz\u00e1jn vil\u00e1g\u00e1ba. A gal\u00e9ria k\u00e9pei lehet\u0151s\u00e9get adnak arra, hogy a r\u00e9szletekben rejl\u0151 sz\u00e9ps\u00e9get m\u00e9g jobban \u00e9rt\u00e9kelj\u00fck.<\/p>\n<p>A Callas h\u00e1z vizu\u00e1lis bemutatkoz\u00e1sa nem csup\u00e1n a diz\u00e1jnr\u00f3l sz\u00f3l, hanem a l\u00e1togat\u00f3k \u00e9rz\u00e9seir\u0151l is. Minden f\u00e9nyk\u00e9p egy \u00faj t\u00f6rt\u00e9netet mes\u00e9l el, amely a m\u00falt \u00e9s a jelen tal\u00e1lkoz\u00e1s\u00e1r\u00f3l sz\u00f3l. Fedezze fel a gal\u00e9ri\u00e1t, \u00e9s mer\u00fclj\u00f6n el a Callas h\u00e1z var\u00e1zslatos vil\u00e1g\u00e1ban!<\/p>\n","protected":false},"excerpt":{"rendered":"<p>A Callas h\u00e1z bemutatkoz\u00e1sa: T\u00f6rt\u00e9neti h\u00e1tt\u00e9r \u00e9s jelent\u0151s\u00e9g A Callas h\u00e1z, mely a magyar Art Deco diz\u00e1jn egyik kiemelked\u0151 p\u00e9ld\u00e1ja, a 20. sz\u00e1zad elej\u00e9n \u00e9p\u00fclt, \u00e9s az\u00f3ta is a helyi kult\u00fara fontos r\u00e9sze. A h\u00e1z st\u00edlus\u00e1nak egyedis\u00e9g\u00e9t a r\u00e9szletek gazdags\u00e1ga \u00e9s a bels\u0151 t\u00e9r harm\u00f3ni\u00e1ja adja, amely az akkori m\u0171v\u00e9szeti ir\u00e1nyzatok hat\u00e1s\u00e1t t\u00fckr\u00f6zi. Az \u00e9p\u00fclet [&hellip;]<\/p>\n","protected":false},"author":1,"featured_media":0,"comment_status":"closed","ping_status":"open","sticky":false,"template":"","format":"standard","meta":{"footnotes":""},"categories":[181],"tags":[],"class_list":["post-28573","post","type-post","status-publish","format-standard","hentry","category-tenobet-3"],"_links":{"self":[{"href":"https:\/\/parmarthmissionhospital.com\/index.php\/wp-json\/wp\/v2\/posts\/28573","targetHints":{"allow":["GET"]}}],"collection":[{"href":"https:\/\/parmarthmissionhospital.com\/index.php\/wp-json\/wp\/v2\/posts"}],"about":[{"href":"https:\/\/parmarthmissionhospital.com\/index.php\/wp-json\/wp\/v2\/types\/post"}],"author":[{"embeddable":true,"href":"https:\/\/parmarthmissionhospital.com\/index.php\/wp-json\/wp\/v2\/users\/1"}],"replies":[{"embeddable":true,"href":"https:\/\/parmarthmissionhospital.com\/index.php\/wp-json\/wp\/v2\/comments?post=28573"}],"version-history":[{"count":1,"href":"https:\/\/parmarthmissionhospital.com\/index.php\/wp-json\/wp\/v2\/posts\/28573\/revisions"}],"predecessor-version":[{"id":28574,"href":"https:\/\/parmarthmissionhospital.com\/index.php\/wp-json\/wp\/v2\/posts\/28573\/revisions\/28574"}],"wp:attachment":[{"href":"https:\/\/parmarthmissionhospital.com\/index.php\/wp-json\/wp\/v2\/media?parent=28573"}],"wp:term":[{"taxonomy":"category","embeddable":true,"href":"https:\/\/parmarthmissionhospital.com\/index.php\/wp-json\/wp\/v2\/categories?post=28573"},{"taxonomy":"post_tag","embeddable":true,"href":"https:\/\/parmarthmissionhospital.com\/index.php\/wp-json\/wp\/v2\/tags?post=28573"}],"curies":[{"name":"wp","href":"https:\/\/api.w.org\/{rel}","templated":true}]}}