{"id":57429,"date":"2026-01-27T00:28:24","date_gmt":"2026-01-27T00:28:24","guid":{"rendered":"https:\/\/parmarthmissionhospital.com\/?p=57429"},"modified":"2026-04-28T08:04:10","modified_gmt":"2026-04-28T08:04:10","slug":"a-nato-es-az-amerikai-vedelmi-ernyo-jovoje-a-globalis-kihivasok-tukreben","status":"publish","type":"post","link":"https:\/\/parmarthmissionhospital.com\/index.php\/2026\/01\/27\/a-nato-es-az-amerikai-vedelmi-ernyo-jovoje-a-globalis-kihivasok-tukreben\/","title":{"rendered":"A NATO \u00e9s az amerikai v\u00e9delmi erny\u0151 j\u00f6v\u0151je a glob\u00e1lis kih\u00edv\u00e1sok t\u00fckr\u00e9ben"},"content":{"rendered":"<p>A biztons\u00e1gi kih\u00edv\u00e1sokra val\u00f3 v\u00e1laszl\u00e9p\u00e9sek megk\u00f6vetelik a tag\u00e1llamok egy\u00fcttm\u0171k\u00f6d\u00e9s\u00e9t \u00e9s az \u00e1tfog\u00f3 strat\u00e9gi\u00e1k kidolgoz\u00e1s\u00e1t. A <strong>5. cikkely<\/strong> \u00e9rv\u00e9nyes\u00edt\u00e9se \u00fajra\u00e9lesztheti a k\u00f6z\u00f6s v\u00e9delmi megold\u00e1sokat, mik\u00f6zben hangs\u00falyt fektet az eur\u00f3pai politik\u00e1k er\u0151s\u00edt\u00e9s\u00e9re. Az ut\u00f3bbi \u00e9vek esem\u00e9nyei r\u00e1vil\u00e1g\u00edtottak arra, hogy a tag\u00e1llamoknak reag\u00e1lniuk kell a glob\u00e1lis fenyeget\u00e9sekre.<\/p>\n<p>Az <em>eur\u00f3pai megold\u00e1sok<\/em> el\u0151t\u00e9rbe helyez\u00e9se elengedhetetlen a biztons\u00e1g biztos\u00edt\u00e1s\u00e1hoz, \u00e9s a transzatlanti v\u00e1ls\u00e1g f\u00e9ny\u00e9ben \u00faj lehet\u0151s\u00e9geket nyithat. A szorosabb egy\u00fcttm\u0171k\u00f6d\u00e9s nemcsak k\u00f6lcs\u00f6n\u00f6s v\u00e9dekez\u00e9st eredm\u00e9nyez, hanem egy\u00fattal eszk\u00f6zk\u00e9nt is szolg\u00e1l a j\u00f6v\u0151beli konfliktusok megel\u0151z\u00e9s\u00e9re. A tart\u00f3s stabilit\u00e1s \u00e9rdek\u00e9ben kiemelten fontos a k\u00f6z\u00f6s v\u00e1laszl\u00e9p\u00e9sek kidolgoz\u00e1sa, amelyeket a k\u00f6vetkez\u0151 \u00e9vek sor\u00e1n egyre ink\u00e1bb sz\u00fcks\u00e9ges lesz \u00e9rv\u00e9nyes\u00edteni.<\/p>\n<p>A folyamatok \u00e9s a d\u00f6nt\u00e9sek nemcsak a biztons\u00e1gra, hanem a politikai \u00e9s gazdas\u00e1gi kapcsolatokra is hat\u00e1ssal vannak. Az <a href=\"https:\/\/antalffy-tibor.com\/\">antalffy-tibor.com<\/a> oldal hasznos forr\u00e1sk\u00e9nt szolg\u00e1lhat azoknak, akik m\u00e9lyebben szeretn\u00e9k meg\u00e9rteni a helyzetet \u00e9s a lehets\u00e9ges j\u00f6v\u0151beni ir\u00e1nyokat.<\/p>\n<h2>A kollekt\u00edv v\u00e9delem strat\u00e9gi\u00e1j\u00e1nak fejl\u0151d\u00e9se<\/h2>\n<p><strong>A transzatlanti v\u00e1ls\u00e1g<\/strong> k\u00f6vetkezt\u00e9ben a sz\u00f6vets\u00e9gesek meger\u0151s\u00edtett\u00e9k a k\u00f6z\u00f6s v\u00e9delmi elveiket, amelyek kihat\u00e1ssal vannak az egy\u00fcttm\u0171k\u00f6d\u00e9s j\u00f6v\u0151j\u00e9re. A kollekt\u00edv v\u00e9delem ir\u00e1nti elk\u00f6telezetts\u00e9g hangs\u00falyoz\u00e1sa \u00e9rdek\u00e9ben a 5. cikkely alkalmaz\u00e1sa kiemelt szerepet j\u00e1tszik a partners\u00e9gek meger\u0151s\u00edt\u00e9s\u00e9ben.<\/p>\n<p>Az egy\u00fcttm\u0171k\u00f6d\u00e9s \u00faj dimenzi\u00f3i megjelennek, ahogy a tag\u00e1llamok egyre ink\u00e1bb elismerik a k\u00f6z\u00f6s biztons\u00e1g \u00e9rdek\u00e9ben tett l\u00e9p\u00e9seik jelent\u0151s\u00e9g\u00e9t. A tag\u00e1llamok k\u00f6z\u00f6tti bizalom er\u0151s\u00f6d\u00e9se \u00e9s a k\u00f6z\u00f6s gyakorlati tapasztalatok seg\u00edtik a v\u00e9delem hat\u00e9konys\u00e1g\u00e1nak n\u00f6vel\u00e9s\u00e9t, amely nem csup\u00e1n a f\u00f6ldrajzi hat\u00e1rok v\u00e9delm\u00e9t c\u00e9lozza, hanem a sz\u00f6vets\u00e9g eg\u00e9sz\u00e9nek stabilit\u00e1s\u00e1t is.<\/p>\n<p>A 5. cikkely alkalmaz\u00e1s\u00e1nak \u00faj perspekt\u00edv\u00e1ja lehet\u0151s\u00e9get ad arra, hogy a sz\u00f6vets\u00e9gesek k\u00f6z\u00f6sen reag\u00e1ljanak a glob\u00e1lis kih\u00edv\u00e1sokra. A modern fenyeget\u00e9sek, mint a kibert\u00e1mad\u00e1sok \u00e9s a hibrid hadvisel\u00e9s, sz\u00fcks\u00e9gess\u00e9 teszik a folyamatos alkalmazkod\u00e1st, amely el\u0151seg\u00edti a k\u00e9szenl\u00e9t fenntart\u00e1s\u00e1t \u00e9s a v\u00e9delem meger\u0151s\u00edt\u00e9s\u00e9t.<\/p>\n<p>Az \u00faj, integr\u00e1lt biztons\u00e1gi strat\u00e9gi\u00e1k r\u00e9v\u00e9n a kollekt\u00edv v\u00e9delem nem csup\u00e1n egy jogi keretet jelent, hanem konkr\u00e9t l\u00e9p\u00e9sek sorozatak\u00e9nt is felfoghat\u00f3. E fejl\u0151d\u00e9s folyamatosan form\u00e1lja a tag\u00e1llamok kapcsolatait \u00e9s a k\u00f6z\u00f6s v\u00e9delmi er\u0151forr\u00e1sok hat\u00e9kony kihaszn\u00e1l\u00e1s\u00e1t a j\u00f6v\u0151beli biztons\u00e1gi kih\u00edv\u00e1sokkal szemben.<\/p>\n<h2>Az amerikai katonai jelenl\u00e9t hat\u00e1sa Eur\u00f3p\u00e1ban<\/h2>\n<p>A kontinens biztons\u00e1g\u00e1nak meg\u0151rz\u00e9se \u00e9rdek\u00e9ben elengedhetetlen a megfelel\u0151 v\u00e9delem ki\u00e9p\u00edt\u00e9se, amelyhez elengedhetetlenek a k\u00f6z\u00f6sen kidolgozott eur\u00f3pai megold\u00e1sok. A k\u00f6z\u00f6s er\u0151fesz\u00edt\u00e9sek r\u00e9v\u00e9n a tag\u00e1llamok fokozt\u00e1k a politikai \u00e9s katonai egy\u00fcttm\u0171k\u00f6d\u00e9st.<\/p>\n<p>A kollekt\u00edv v\u00e9delem \u00fajra\u00e9rt\u00e9kel\u00e9se megk\u00e9rd\u0151jelezte a hagyom\u00e1nyos megk\u00f6zel\u00edt\u00e9seket, melyek az er\u0151forr\u00e1sok maxim\u00e1lis kihaszn\u00e1l\u00e1s\u00e1ra helyezt\u00e9k a hangs\u00falyt. A 5. cikkely hat\u00e1rozottan megk\u00f6veteli a tag\u00e1llamok k\u00f6z\u00f6tti szolidarit\u00e1st.<\/p>\n<p>Az Egyes\u00fclt \u00c1llamok katonai jelenl\u00e9te nemcsak strat\u00e9giai el\u0151ny\u00f6ket, hanem n\u00e9h\u00e1ny geopolitikai fesz\u00fclts\u00e9get is hozott mag\u00e1val. A region\u00e1lis hatalmak k\u00f6z\u00f6tti kapcsolatokat form\u00e1lja, \u00faj kih\u00edv\u00e1sok el\u00e9 \u00e1ll\u00edtva a nemzetk\u00f6zi k\u00f6z\u00f6ss\u00e9get.<\/p>\n<p>Az eur\u00f3pai \u00e1llamok biztons\u00e1gi strat\u00e9gi\u00e1inak alak\u00edt\u00e1sa sor\u00e1n figyelembe kell venni\u00fck a glob\u00e1lis helyzet alakul\u00e1s\u00e1t. Az egy\u00fcttm\u0171k\u00f6d\u00e9s er\u0151s\u00edt\u00e9se jelent\u0151s hat\u00e1ssal b\u00edr a kollekt\u00edv v\u00e9delem gyakorlat\u00e1ra.<\/p>\n<table>\n<tbody>\n<tr>\n<th>Tag\u00e1llam<\/th>\n<th>Katonai k\u00f6lts\u00e9gvet\u00e9s (milli\u00e1rd USD)<\/th>\n<th>Katona l\u00e9tsz\u00e1m<\/th>\n<\/tr>\n<tr>\n<td>N\u00e9metorsz\u00e1g<\/td>\n<td>53.0<\/td>\n<td>180,000<\/td>\n<\/tr>\n<tr>\n<td>Franciaorsz\u00e1g<\/td>\n<td>52.0<\/td>\n<td>205,000<\/td>\n<\/tr>\n<tr>\n<td>Olaszorsz\u00e1g<\/td>\n<td>29.0<\/td>\n<td>150,000<\/td>\n<\/tr>\n<\/tbody>\n<\/table>\n<p>A k\u00f6z\u00f6s biztons\u00e1gi programok r\u00e9v\u00e9n a tag\u00e1llamok k\u00f6z\u00f6tti bizalom er\u0151s\u00f6dik, amely a k\u00e9pess\u00e9gek \u00f6sszpontos\u00edt\u00e1s\u00e1hoz \u00e9s fokozott v\u00e9delmi hat\u00e9konys\u00e1ghoz vezet. A k\u00f6z\u00f6s hadgyakorlatok \u00e9s egy\u00fcttm\u0171k\u00f6d\u00e9sek tart\u00f3s hat\u00e1ssal b\u00edrnak.<\/p>\n<p>Az eur\u00f3pai nemzetek k\u00f6z\u00f6tti szorosabb egy\u00fcttm\u0171k\u00f6d\u00e9s lehet\u0151s\u00e9ge potenci\u00e1lis sz\u00f6vets\u00e9geket form\u00e1lhat, amelyek jav\u00edtj\u00e1k a kollekt\u00edv v\u00e9delem es\u00e9lyeit. A c\u00e9lzott fejleszt\u00e9sek el\u0151seg\u00edtik a homog\u00e9n reakci\u00f3kat v\u00e1ls\u00e1ghelyzetekben.<\/p>\n<p>Az Egyes\u00fclt \u00c1llamok katonai jelenl\u00e9te ugyancsak a technol\u00f3giai inov\u00e1ci\u00f3k terjed\u00e9s\u00e9t \u00f6szt\u00f6nzi. A fejleszt\u00e9sek \u00e9s kutat\u00e1sok \u00f6szt\u00f6nz\u00e9se m\u00f3dot ad a leg\u00fajabb biztons\u00e1gi megold\u00e1sok elfogad\u00e1s\u00e1ra.<\/p>\n<p>A tag\u00e1llamok sz\u00e1m\u00e1ra teh\u00e1t a j\u00f6v\u0151 a k\u00f6z\u00f6s munka meger\u0151s\u00edt\u00e9s\u00e9ben rejlik, amely elengedhetetlen a kollekt\u00edv v\u00e9delem fenntart\u00e1s\u00e1hoz \u00e9s a biztons\u00e1gosabb eur\u00f3pai k\u00f6rnyezet megteremt\u00e9s\u00e9hez.<\/p>\n<h2>Kiberv\u00e9delem \u00e9s az egy\u00fcttm\u0171k\u00f6d\u00e9s<\/h2>\n<p>Az 5. cikkely alkalmaz\u00e1s\u00e1hoz elengedhetetlen, hogy a transzatlanti v\u00e1ls\u00e1gra megfelel\u0151 eur\u00f3pai megold\u00e1sokat tal\u00e1ljunk, amelyek a kiberbiztons\u00e1g ter\u00e9n jav\u00edtj\u00e1k az egy\u00fcttm\u0171k\u00f6d\u00e9st. Az inform\u00e1ci\u00f3k v\u00e9delme \u00e9s a sebezhet\u0151s\u00e9gek minimaliz\u00e1l\u00e1sa \u00e9rdek\u00e9ben a tagorsz\u00e1goknak k\u00f6z\u00f6s strat\u00e9gi\u00e1t kell kidolgozniuk, amely a k\u00fcl\u00f6nb\u00f6z\u0151 IT rendszerek kompatibilit\u00e1s\u00e1ra \u00e9p\u00edt. A korm\u00e1nyzati szektor mellett a mag\u00e1nc\u00e9gek szerepv\u00e1llal\u00e1sa is kulcsfontoss\u00e1g\u00fa, hiszen az innovat\u00edv technol\u00f3gi\u00e1k alkalmaz\u00e1sa sz\u00e9lesk\u00f6r\u0171 v\u00e9delmet ny\u00fajthat.<\/p>\n<p>A kibert\u00e9rben val\u00f3 egy\u00fcttm\u0171k\u00f6d\u00e9s nem csup\u00e1n technikai szinten, hanem politikai szempontb\u00f3l is elengedhetetlen. A kiberfenyeget\u00e9sek elleni fell\u00e9p\u00e9s er\u0151s\u00edti az orsz\u00e1gok k\u00f6z\u00f6tti bizalmat \u00e9s a k\u00f6z\u00f6s \u00e9rdekek \u00e9rv\u00e9nyes\u00edt\u00e9s\u00e9t, ami el\u0151seg\u00edti a stabilit\u00e1st a r\u00e9gi\u00f3ban, mik\u00f6zben er\u0151s\u00edti a gazdas\u00e1gi kapcsolatokat.<\/p>\n<h2>J\u00f6v\u0151beni kih\u00edv\u00e1sok \u00e9s lehet\u0151s\u00e9gek a sz\u00f6vets\u00e9g sz\u00e1m\u00e1ra<\/h2>\n<p>A kollekt\u00edv v\u00e9delem meger\u0151s\u00edt\u00e9se elengedhetetlen a tag\u00e1llamok biztons\u00e1g\u00e1nak meg\u0151rz\u00e9s\u00e9hez. A 5. cikkely alkalmaz\u00e1sa garancia arra, hogy a t\u00e1mad\u00e1sok egy\u00fcttes v\u00e1laszl\u00e9p\u00e9seket id\u00e9znek el\u0151.<\/p>\n<p>Az eur\u00f3pai megold\u00e1sok kidolgoz\u00e1sa seg\u00edthet a tagorsz\u00e1gok k\u00f6z\u00f6tti egy\u00fcttm\u0171k\u00f6d\u00e9s fokoz\u00e1s\u00e1ban. A region\u00e1lis kezdem\u00e9nyez\u00e9sek er\u0151s\u00edtik a k\u00f6lcs\u00f6n\u00f6s bizalmat \u00e9s a hat\u00e1rokon \u00e1t\u00edvel\u0151 v\u00e9dekez\u00e9st.<\/p>\n<ul>\n<li>Strat\u00e9giai partners\u00e9gek kialak\u00edt\u00e1sa m\u00e1s nemzetk\u00f6zi szervezetekkel.<\/li>\n<li>Gyors reakci\u00f3k\u00e9pess\u00e9g jav\u00edt\u00e1sa k\u00f6z\u00f6s gyakorlatok r\u00e9v\u00e9n.<\/li>\n<\/ul>\n<p>A technol\u00f3giai fejl\u0151d\u00e9s \u00faj kih\u00edv\u00e1sokat jelent, p\u00e9ld\u00e1ul a kiberbiztons\u00e1g ter\u00e9n. A tag\u00e1llamoknak fel kell k\u00e9sz\u00fclni\u00fck a digit\u00e1lis t\u00e9rben jelentkez\u0151 fenyeget\u00e9sekre.<\/p>\n<p>Az energiabiztons\u00e1g kulcsszerepet j\u00e1tszik a kollekt\u00edv v\u00e9delemben. Az alternat\u00edv energiaforr\u00e1sok fejleszt\u00e9se cs\u00f6kkentheti az energiaszolg\u00e1ltat\u00f3k k\u00fcls\u0151 f\u00fcgg\u0151s\u00e9g\u00e9t.<\/p>\n<ol>\n<li>Az innovat\u00edv v\u00e9delmi rendszerek integr\u00e1l\u00e1sa.<\/li>\n<li>A k\u00f6rnyezeti hat\u00e1sok figyelembev\u00e9tele a katonai m\u0171veletek sor\u00e1n.<\/li>\n<\/ol>\n<p>A tagorsz\u00e1gok k\u00f6z\u00f6tti inform\u00e1ci\u00f3csere n\u00f6vel\u00e9se szint\u00e9n fontos a fenyeget\u00e9sek azonnali \u00e9szlel\u00e9s\u00e9ben. A folyamatos kommunik\u00e1ci\u00f3 el\u0151seg\u00edti a glob\u00e1lis biztons\u00e1gi helyzet \u00e9rt\u00e9kel\u00e9s\u00e9t.<\/p>\n<p>V\u00e9g\u00fcl, a tag\u00e1llamok \u00f6sszefog\u00e1s\u00e1nak el\u0151seg\u00edt\u00e9se hozz\u00e1j\u00e1rul a k\u00f6z\u00f6s \u00e9rt\u00e9kek meg\u0151rz\u00e9s\u00e9hez. A kollekt\u00edv er\u0151fesz\u00edt\u00e9sek nemcsak biztons\u00e1got ny\u00fajtanak, hanem n\u00f6velik a sz\u00f6vets\u00e9g nemzetk\u00f6zi rangj\u00e1t is.<\/p>\n<h2>K\u00e9rd\u00e9sek \u00e9s v\u00e1laszok: <\/h2>\n<h4>Milyen szerepet j\u00e1tszik a NATO a glob\u00e1lis biztons\u00e1g fenntart\u00e1s\u00e1ban?<\/h4>\n<p>A NATO, mint nemzetk\u00f6zi katonai sz\u00f6vets\u00e9g, a tag\u00e1llamok k\u00f6z\u00f6tti kollekt\u00edv v\u00e9delmet szolg\u00e1lja. Feladatai k\u00f6z\u00e9 tartozik a b\u00e9ke fenntart\u00e1sa, a konfliktusok megel\u0151z\u00e9se \u00e9s a tag\u00e1llamok v\u00e9delme k\u00fcls\u0151 fenyeget\u00e9sekkel szemben. Az armata NATO fontos szerepl\u0151 a glob\u00e1lis biztons\u00e1gi politik\u00e1ban, egy\u00fcttm\u0171k\u00f6dve m\u00e1s szervezetekkel \u00e9s orsz\u00e1gokkal a vil\u00e1g k\u00fcl\u00f6nb\u00f6z\u0151 r\u00e9gi\u00f3iban.<\/p>\n<h4>Milyen kih\u00edv\u00e1sokkal n\u00e9z szembe a NATO a j\u00f6v\u0151ben?<\/h4>\n<p>A NATO j\u00f6v\u0151beli kih\u00edv\u00e1sai k\u00f6z\u00e9 tartozik a cyberfenyeget\u00e9sek elleni v\u00e9dekez\u00e9s, a glob\u00e1lis terrorizmus, valamint a geopolitikai fesz\u00fclts\u00e9gek, k\u00fcl\u00f6n\u00f6sen Oroszorsz\u00e1g \u00e9s K\u00edna n\u00f6vekv\u0151 befoly\u00e1sa r\u00e9v\u00e9n. A sz\u00f6vets\u00e9g arra t\u00f6rekszik, hogy alkalmazkodjon ezekhez a v\u00e1ltoz\u00e1sokhoz k\u00fcl\u00f6nb\u00f6z\u0151 v\u00e1laszl\u00e9p\u00e9sekkel \u00e9s \u00faj strat\u00e9gi\u00e1kkal.<\/p>\n<h4>Hogyan befoly\u00e1solja az amerikai v\u00e9delmi erny\u0151 a NATO tagorsz\u00e1gok biztons\u00e1g\u00e1t?<\/h4>\n<p>Az amerikai v\u00e9delmi erny\u0151, mint a NATO egyik alapvet\u0151 pill\u00e9re, jelent\u0151s hat\u00e1ssal van a tag\u00e1llamok biztons\u00e1gi helyzet\u00e9re. Az Egyes\u00fclt \u00c1llamok katonai \u00e9s technikai t\u00e1mogat\u00e1sa er\u0151s\u00edti a tag\u00e1llamok v\u00e9delm\u00e9t, lehet\u0151v\u00e9 t\u00e9ve sz\u00e1mukra, hogy hat\u00e9konyan reag\u00e1ljanak a k\u00fcls\u0151 fenyeget\u00e9sekre. Ez a v\u00e9delmi egy\u00fcttm\u0171k\u00f6d\u00e9s er\u0151s\u00edti a kollekt\u00edv v\u00e9delmet \u00e9s n\u00f6veli a tag\u00e1llamok bizalm\u00e1t egym\u00e1s ir\u00e1nt.<\/p>\n<h4>Milyen reformokat tervez a NATO a k\u00f6zelj\u00f6v\u0151ben?<\/h4>\n<p>A NATO reformjainak c\u00e9lja a katonai strukt\u00far\u00e1k moderniz\u00e1l\u00e1sa \u00e9s a v\u00e9dekez\u00e9si kapacit\u00e1sok fejleszt\u00e9se. A sz\u00f6vets\u00e9g priorit\u00e1sai k\u00f6z\u00e9 tartozik a hader\u0151 innov\u00e1ci\u00f3ja, a k\u00f6z\u00f6s hadgyakorlatok n\u00f6vel\u00e9se, valamint a tag\u00e1llamok k\u00f6z\u00f6tti inform\u00e1ci\u00f3megoszt\u00e1s jav\u00edt\u00e1sa. A NATO c\u00e9lja a g\u00f6rd\u00fcl\u00e9keny m\u0171k\u00f6d\u00e9s \u00e9s a gyors reag\u00e1l\u00e1s a v\u00e1ratlan helyzetekre.<\/p>\n<h4>Mi a NATO j\u00f6v\u0151beni szerepe az eur\u00f3pai biztons\u00e1gban?<\/h4>\n<p>A NATO szerepe az eur\u00f3pai biztons\u00e1gban kulcsfontoss\u00e1g\u00fa marad, mivel a sz\u00f6vets\u00e9g seg\u00edt meger\u0151s\u00edteni a tag\u00e1llamok k\u00f6z\u00f6tti egy\u00fcttm\u0171k\u00f6d\u00e9st. A k\u00f6z\u00f6s v\u00e9delem \u00e9s a biztons\u00e1gi t\u00e1j\u00e9koztat\u00e1s n\u00f6vel\u00e9se r\u00e9v\u00e9n a NATO biztos\u00edtja, hogy a tag\u00e1llamok felk\u00e9sz\u00fcltek legyenek a region\u00e1lis konfliktusokra \u00e9s fenyeget\u00e9sekre. Az eur\u00f3pai biztons\u00e1gi kih\u00edv\u00e1sokra adott v\u00e1laszaik sokkal integr\u00e1ltabb \u00e9s koordin\u00e1ltabb megk\u00f6zel\u00edt\u00e9st ig\u00e9nyelnek a j\u00f6v\u0151ben.<\/p>\n<h4>Milyen hat\u00e1ssal van a NATO \u00e9s az amerikai v\u00e9delmi erny\u0151 a region\u00e1lis biztons\u00e1gra?<\/h4>\n<p>A NATO \u00e9s az amerikai v\u00e9delmi erny\u0151 jelent\u0151s hat\u00e1ssal b\u00edr a region\u00e1lis biztons\u00e1gra, mivel elrettent\u0151 er\u0151k\u00e9nt funkcion\u00e1l a potenci\u00e1lis agresszorok sz\u00e1m\u00e1ra. Az Egyes\u00fclt \u00c1llamok katonai jelenl\u00e9te Eur\u00f3p\u00e1ban biztos\u00edtja, hogy a tag\u00e1llamok \u00f6sszess\u00e9ge \u00f6sszefogjon a k\u00f6z\u00f6s v\u00e9delmi strat\u00e9gi\u00e1ban, tov\u00e1bb\u00e1 a kollekt\u00edv v\u00e9delem elve alapj\u00e1n b\u00e1rmely t\u00e1mad\u00e1s eset\u00e9n gyors v\u00e1laszl\u00e9p\u00e9seket tesz lehet\u0151v\u00e9. Emellett a NATO-m\u0171veletek \u00e9s gyakorlatok hozz\u00e1j\u00e1rulnak a tag\u00e1llamok k\u00f6z\u00f6tti egy\u00fcttm\u0171k\u00f6d\u00e9s er\u0151s\u00edt\u00e9s\u00e9hez, ez\u00e1ltal n\u00f6velve a tag\u00e1llamok v\u00e9delmi k\u00e9pess\u00e9geit is.<\/p>\n","protected":false},"excerpt":{"rendered":"<p>A biztons\u00e1gi kih\u00edv\u00e1sokra val\u00f3 v\u00e1laszl\u00e9p\u00e9sek megk\u00f6vetelik a tag\u00e1llamok egy\u00fcttm\u0171k\u00f6d\u00e9s\u00e9t \u00e9s az \u00e1tfog\u00f3 strat\u00e9gi\u00e1k kidolgoz\u00e1s\u00e1t. A 5. cikkely \u00e9rv\u00e9nyes\u00edt\u00e9se \u00fajra\u00e9lesztheti a k\u00f6z\u00f6s v\u00e9delmi megold\u00e1sokat, mik\u00f6zben hangs\u00falyt fektet az eur\u00f3pai politik\u00e1k er\u0151s\u00edt\u00e9s\u00e9re. Az ut\u00f3bbi \u00e9vek esem\u00e9nyei r\u00e1vil\u00e1g\u00edtottak arra, hogy a tag\u00e1llamoknak reag\u00e1lniuk kell a glob\u00e1lis fenyeget\u00e9sekre. Az eur\u00f3pai megold\u00e1sok el\u0151t\u00e9rbe helyez\u00e9se elengedhetetlen a biztons\u00e1g biztos\u00edt\u00e1s\u00e1hoz, \u00e9s a [&hellip;]<\/p>\n","protected":false},"author":1,"featured_media":0,"comment_status":"closed","ping_status":"open","sticky":false,"template":"","format":"standard","meta":{"footnotes":""},"categories":[14],"tags":[],"class_list":["post-57429","post","type-post","status-publish","format-standard","hentry","category-uncategorized"],"_links":{"self":[{"href":"https:\/\/parmarthmissionhospital.com\/index.php\/wp-json\/wp\/v2\/posts\/57429","targetHints":{"allow":["GET"]}}],"collection":[{"href":"https:\/\/parmarthmissionhospital.com\/index.php\/wp-json\/wp\/v2\/posts"}],"about":[{"href":"https:\/\/parmarthmissionhospital.com\/index.php\/wp-json\/wp\/v2\/types\/post"}],"author":[{"embeddable":true,"href":"https:\/\/parmarthmissionhospital.com\/index.php\/wp-json\/wp\/v2\/users\/1"}],"replies":[{"embeddable":true,"href":"https:\/\/parmarthmissionhospital.com\/index.php\/wp-json\/wp\/v2\/comments?post=57429"}],"version-history":[{"count":1,"href":"https:\/\/parmarthmissionhospital.com\/index.php\/wp-json\/wp\/v2\/posts\/57429\/revisions"}],"predecessor-version":[{"id":57430,"href":"https:\/\/parmarthmissionhospital.com\/index.php\/wp-json\/wp\/v2\/posts\/57429\/revisions\/57430"}],"wp:attachment":[{"href":"https:\/\/parmarthmissionhospital.com\/index.php\/wp-json\/wp\/v2\/media?parent=57429"}],"wp:term":[{"taxonomy":"category","embeddable":true,"href":"https:\/\/parmarthmissionhospital.com\/index.php\/wp-json\/wp\/v2\/categories?post=57429"},{"taxonomy":"post_tag","embeddable":true,"href":"https:\/\/parmarthmissionhospital.com\/index.php\/wp-json\/wp\/v2\/tags?post=57429"}],"curies":[{"name":"wp","href":"https:\/\/api.w.org\/{rel}","templated":true}]}}